{"id":412,"date":"2024-02-03T23:04:56","date_gmt":"2024-02-03T23:04:56","guid":{"rendered":"https:\/\/carloscontabilidade.com\/?p=412"},"modified":"2024-03-09T00:03:54","modified_gmt":"2024-03-09T00:03:54","slug":"presuncao-legal-de-falsos-recibos-verdes","status":"publish","type":"post","link":"https:\/\/carloscontabilidade.com\/en\/presuncao-legal-de-falsos-recibos-verdes\/","title":{"rendered":"LEGAL PRESUMPTION OF FALSE GREEN RECEIPTS"},"content":{"rendered":"<div style=\"height:29px\" aria-hidden=\"true\" class=\"wp-block-spacer\"><\/div>\n\n\n\n<h2 class=\"wp-block-heading\">INFORMATION 03\/02\/2024 - LEGAL PRESUMPTION OF FALSE GREEN RECEIPTS<\/h2>\n\n\n\n<h2 class=\"wp-block-heading\"><strong>Notifications from ACT \u2013 Authority for Working Conditions<\/strong><\/h2>\n\n\n\n<p><\/p>\n\n\n\n<p class=\"translation-block\">According to Article 12 of the Labour Code (Presumption of employment contract), <strong>the following situations constitute a situation of legal employment relationship,<u> mainly applicable to situations of green receipts:<\/u><\/strong><\/p>\n\n\n\n<p><em>\"(a) the activity is carried out in a place belonging to or determined by the beneficiary;<\/em><\/p>\n\n\n\n<p><em>(b) the equipment and work tools used belong to the beneficiary of the activity;<\/em><\/p>\n\n\n\n<p><em>(c) the activity provider observes the start and end times of the service, determined by the beneficiary of the service;<\/em><\/p>\n\n\n\n<p><em>d) A certain amount is paid, at a certain interval, to the activity provider, in return for the same;<\/em><\/p>\n\n\n\n<p><em>e) The activity provider performs management or leadership functions in the organisational structure of the undertaking.\"<\/em><\/p>\n\n\n\n<div style=\"height:25px\" aria-hidden=\"true\" class=\"wp-block-spacer\"><\/div>\n\n\n\n<p class=\"translation-block\">In this context, thousands of companies are currently receiving  <strong> automatic notifications from ACT to suggest the classification as an employment contract applicable to situations in which holders of self-employed income (green receipts) have received more than 80% of their income from a single entity in the previous year. <\/strong>At the moment, these companies are faced with the need to prove whether these holders of green receipts are effectively and legitimately service providers... <u>if this is not the case, ACT expects that the identified beneficiary will be promptly reported as an employee and that salary deductions and contributions will begin in the context of the Labor Code. <\/u><\/p>\n\n\n\n<div style=\"height:29px\" aria-hidden=\"true\" class=\"wp-block-spacer\"><\/div>\n\n\n\n<p class=\"has-background\" style=\"background-color:#fcb90017\">Court which, as we know, acts preferentially in defence of the worker and not of the employer.<\/p>\n\n\n\n<div style=\"height:29px\" aria-hidden=\"true\" class=\"wp-block-spacer\"><\/div>\n\n\n\n<div style=\"height:25px\" aria-hidden=\"true\" class=\"wp-block-spacer\"><\/div>\n\n\n\n<figure class=\"wp-block-image size-large\"><img loading=\"lazy\" decoding=\"async\" width=\"576\" height=\"1024\" src=\"https:\/\/carloscontabilidade.com\/wp-content\/uploads\/2024\/02\/notificaoes-falsas-recibos-verdes-576x1024.jpg\" alt=\"\" class=\"wp-image-418\"\/><\/figure>\n\n\n\n<div style=\"height:45px\" aria-hidden=\"true\" class=\"wp-block-spacer\"><\/div>\n\n\n\n<p><strong>If notified:<\/strong><\/p>\n\n\n\n<div class=\"wp-block-group is-layout-constrained wp-block-group-is-layout-constrained\">\n<p class=\"has-vivid-red-color has-text-color has-link-color wp-elements-3e181deaf7c4a49462e5489644f3cff1\"><strong> - Send us a copy of the notice so we can follow up on your defense process<\/strong><\/p>\n\n\n\n<p class=\"has-vivid-red-color has-text-color has-link-color wp-elements-5b590da026461993ecc387b609736b93\"><strong>- You should consult your lawyer or solicitor to review the presumption of employment and confirm whether the evidence you can present is legally acceptable to rule out the imputation made against you<\/strong><\/p>\n\n\n\n<p class=\"has-vivid-red-color has-text-color has-link-color wp-elements-cb40151d4291ac798c7fdf66f0fa2fe1\"><strong>- Consider this matter as an urgency and priority: this notification is subject to legal deadlines from which failure to respond presumes acceptance of the terms of the identification of the beneficiary and entails serious consequences for the company<\/strong><\/p>\n\n\n\n<div style=\"height:25px\" aria-hidden=\"true\" class=\"wp-block-spacer\"><\/div>\n<\/div>\n\n\n\n<p>I know that this is a complex subject, difficult to specify because the way of interpreting the letter of the law depends on the details of the law on a case-by-case basis.<\/p>\n\n\n\n<p class=\"translation-block\">I leave here  a <a href=\"https:\/\/www.youtube.com\/live\/3bYlhAopJ6Y?si=RRBW97wxQXSuHQ3L\" target=\"_blank\" rel=\"noopener\"><strong> link to Youtube video of the President of the Order of Certified Accountants<\/strong><\/a> where in a few minutes she can explain the legal framework of the issue, <u>the involvement of the certified accountant and the need to resort to lawyers because the process can have serious consequences . <\/u><\/p>\n\n\n\n<p><strong><strong>As usual, you can count on our full support in whatever way we can to help you if you receive any notification of this kind.<\/strong> I take this opportunity to remind you that in our monthly communications, whether through the payment map or through the sending of salary receipts, it is customary to create short summaries and alerts of the main facts related to labor issues - whenever you detect any information that needs additional clarification, do not hesitate to contact us. <\/strong>Aproveito para recordar que nas nossas comunica\u00e7\u00f5es mensais, sejam atrav\u00e9s do mapa de pagamentos, seja atrav\u00e9s no envio dos recibos de sal\u00e1rio, \u00e9 h\u00e1bito criar pequenos resumos e alertas dos principais factos relacionados com quest\u00f5es laborais &#8211; sempre que detetem alguma informa\u00e7\u00e3o que precisem de esclarecimento adicional n\u00e3o hesitem em contactar-nos.<\/p>\n\n\n\n<div style=\"height:56px\" aria-hidden=\"true\" class=\"wp-block-spacer\"><\/div>\n\n\n\n<p>Copy of a relevant notification of ACT<\/p>\n\n\n\n<div style=\"height:36px\" aria-hidden=\"true\" class=\"wp-block-spacer\"><\/div>\n\n\n\n<figure class=\"wp-block-image size-large\"><img loading=\"lazy\" decoding=\"async\" width=\"728\" height=\"1024\" src=\"https:\/\/carloscontabilidade.com\/wp-content\/uploads\/2024\/02\/vinculo-contratual-dos-trabalhadores-728x1024.png\" alt=\"\" class=\"wp-image-414\" srcset=\"https:\/\/carloscontabilidade.com\/wp-content\/uploads\/2024\/02\/vinculo-contratual-dos-trabalhadores-728x1024.png 728w, https:\/\/carloscontabilidade.com\/wp-content\/uploads\/2024\/02\/vinculo-contratual-dos-trabalhadores-480x675.png 480w\" sizes=\"auto, (min-width: 0px) and (max-width: 480px) 480px, (min-width: 481px) 728px, 100vw\" \/><\/figure>\n\n\n\n<div style=\"height:49px\" aria-hidden=\"true\" class=\"wp-block-spacer\"><\/div>","protected":false},"excerpt":{"rendered":"<p>INFORMA\u00c7\u00c3O 03\/02\/2024 &#8211; PRESUN\u00c7\u00c3O LEGAL DE FALSOS RECIBOS VERDES Notifica\u00e7\u00f5es da ACT \u2013 Autoridade para as Condi\u00e7\u00f5es de Trabalho De acordo com o artigo 12.\u00ba do c\u00f3digo do trabalho (Presun\u00e7\u00e3o de contrato de trabalho),as seguintes situa\u00e7\u00f5es configuram a partida \u00e9 uma situa\u00e7\u00e3o de rela\u00e7\u00e3o jur\u00eddica de trabalho, principalmente aplic\u00e1vel a situa\u00e7\u00f5es dos recibos verdes: \u201ca) [&hellip;]<\/p>\n","protected":false},"author":3,"featured_media":415,"comment_status":"closed","ping_status":"open","sticky":false,"template":"","format":"standard","meta":{"_et_pb_use_builder":"off","_et_pb_old_content":"<!-- wp:image {\"id\":228,\"sizeSlug\":\"large\",\"linkDestination\":\"none\"} -->\n<figure class=\"wp-block-image size-large\"><img src=\"https:\/\/carloscontabilidade.com\/wp-content\/uploads\/2022\/09\/OKoiJrBLBleL7Q-1024x737.jpeg\" alt=\"\" class=\"wp-image-228\"\/><\/figure>\n<!-- \/wp:image -->\n\n<!-- wp:heading -->\n<h2 class=\"wp-block-heading\">Proje\u00e7\u00f5es da taxa de infla\u00e7\u00e3o (BCE - Banco Central Europeu)<\/h2>\n<!-- \/wp:heading -->\n\n<!-- wp:heading {\"level\":3} -->\n<h3 class=\"wp-block-heading\" id=\"paragraph_isx6HWwc-CB\">A infla\u00e7\u00e3o global dever\u00e1 baixar de uma taxa m\u00e9dia de 8,1% em 2022 para 5,5% em 2023 e 2,3% em 2024.<\/h3>\n<!-- \/wp:heading -->\n\n<!-- wp:image {\"align\":\"right\",\"id\":229,\"sizeSlug\":\"full\",\"linkDestination\":\"none\"} -->\n<figure class=\"wp-block-image alignright size-full\"><img src=\"https:\/\/carloscontabilidade.com\/wp-content\/uploads\/2022\/09\/OfxHYixeRf7xEC.png\" alt=\"\" class=\"wp-image-229\"\/><\/figure>\n<!-- \/wp:image -->\n\n<!-- wp:paragraph -->\n<p id=\"paragraph_Vzx6HWAd-CB\">A subida acentuada da infla\u00e7\u00e3o global em 2022 reflete grandes aumentos dos pre\u00e7os no consumidor dos produtos energ\u00e9ticos (apenas parcialmente mitigados por medidas governamentais) e dos pre\u00e7os dos produtos alimentares; uma subida forte dos pre\u00e7os dos produtos industriais n\u00e3o energ\u00e9ticos, perante a persist\u00eancia do impacto de perturba\u00e7\u00f5es das cadeias de abastecimento; e efeitos em sentido ascendente sobre os pre\u00e7os dos servi\u00e7os decorrentes da reabertura dos segmentos do setor dos servi\u00e7os com uma grande componente de contacto.<\/p>\n<!-- \/wp:paragraph -->\n\n<!-- wp:paragraph -->\n<p id=\"paragraph_6fx6HWQc-CB\">Estes aumentos generalizados espelham uma subida extraordin\u00e1ria dos custos de produ\u00e7\u00e3o, refletida nos pre\u00e7os no produtor, aliada a uma procura ainda bastante robusta at\u00e9 meados de 2022. Espera\u2011se que a infla\u00e7\u00e3o medida pelo IHPC comece a diminuir de forma gradual no decurso do \u00faltimo trimestre de 2022, devido sobretudo a efeitos de base em sentido descendente na componente de produtos energ\u00e9ticos, presentes predominantemente na componente de combust\u00edveis. A partir do in\u00edcio de 2023, os pre\u00e7os da eletricidade e, em particular, os pre\u00e7os do g\u00e1s tamb\u00e9m dever\u00e3o contribuir para a modera\u00e7\u00e3o da infla\u00e7\u00e3o.<\/p>\n<!-- \/wp:paragraph -->\n\n<!-- wp:heading {\"level\":3} -->\n<h3 class=\"wp-block-heading\" id=\"paragraph_qtcBbPaFfA0\">PROJE\u00c7\u00d5ES DO CRESCIMENTO ECON\u00d3MICO (BCE - Banco Central Europeu)<\/h3>\n<!-- \/wp:heading -->\n\n<!-- wp:paragraph -->\n<p id=\"paragraph_d_dBbPqFfA0\">Espera\u2011se um abrandamento significativo do crescimento real do PIB no terceiro trimestre do ano, com a infla\u00e7\u00e3o a afetar negativamente os rendimentos reais e a incerteza e as taxas de juro crescentes a travar o investimento.<\/p>\n<!-- \/wp:paragraph -->\n\n<!-- wp:image {\"align\":\"right\",\"id\":230,\"sizeSlug\":\"full\",\"linkDestination\":\"none\"} -->\n<figure class=\"wp-block-image alignright size-full\"><img src=\"https:\/\/carloscontabilidade.com\/wp-content\/uploads\/2022\/09\/6AA4hjGtVgLgOh.png\" alt=\"\" class=\"wp-image-230\"\/><\/figure>\n<!-- \/wp:image -->\n\n<!-- wp:paragraph -->\n<p id=\"paragraph_z-Wwada9Nu5\">A forte atividade nos setores do turismo e das viagens, aliada a uma nova atenua\u00e7\u00e3o dos estrangulamentos da oferta, dever\u00e1 apoiar o crescimento no terceiro trimestre. Ao mesmo tempo, os indicadores baseados em inqu\u00e9ritos, como o \u00cdndice de Gestores de Compras, apontam para uma contra\u00e7\u00e3o tanto da ind\u00fastria transformadora como do setor dos servi\u00e7os em agosto de 2022.<\/p>\n<!-- \/wp:paragraph -->\n\n<!-- wp:paragraph -->\n<p id=\"paragraph_AvVwadK9Nu5\">O choque negativo sobre o rendimento dispon\u00edvel real, devido \u00e0 subida de pre\u00e7os, tamb\u00e9m dever\u00e1 pesar sobre a atividade. A incerteza, relacionada, em particular, com perturba\u00e7\u00f5es do abastecimento de g\u00e1s (ver abaixo), a par de aumentos acentuados das taxas ativas banc\u00e1rias, tamb\u00e9m est\u00e1 a restringir a atividade econ\u00f3mica. Em termos gerais, o crescimento trimestral em cadeia no terceiro trimestre dever\u00e1 situar\u2011se em 0,1% (uma revis\u00e3o em baixa de 0.3 pontos percentuais, em compara\u00e7\u00e3o com as proje\u00e7\u00f5es de junho).<\/p>\n<!-- \/wp:paragraph -->\n\n<!-- wp:paragraph -->\n<p id=\"paragraph_ZDWwad4ANu5\"><strong>Os fatores adversos dever\u00e3o continuar a acumular\u2011se e a ser agravados nos pr\u00f3ximos meses por perturba\u00e7\u00f5es do abastecimento de g\u00e1s natural.<\/strong><\/p>\n<!-- \/wp:paragraph -->\n\n<!-- wp:paragraph -->\n<p id=\"paragraph_m6Wwadq9Nu5\">Para efeitos da avalia\u00e7\u00e3o do potencial impacto, na produ\u00e7\u00e3o, de perturba\u00e7\u00f5es do mercado do g\u00e1s, os especialistas do BCE partiram do pressuposto de que os fluxos tanto da R\u00fassia como de outros fornecedores permanecer\u00e3o nos n\u00edveis prevalecentes \u00e0 data de fecho da informa\u00e7\u00e3o para as proje\u00e7\u00f5es de setembro.<\/p>\n<!-- \/wp:paragraph -->\n\n<!-- wp:paragraph -->\n<p id=\"paragraph_naVwada8Nu5\">Do lado da procura, pressup\u00f5e\u2011se que os pa\u00edses implementem \u2013 de forma volunt\u00e1ria at\u00e9 \u00e0 data \u2013 o acordo da UE de reduzir a utiliza\u00e7\u00e3o de g\u00e1s natural at\u00e9 15% e que as condi\u00e7\u00f5es meteorol\u00f3gicas no pr\u00f3ximo inverno estejam em conson\u00e2ncia com a m\u00e9dia dos \u00faltimos cinco anos. Com base nestes pressupostos, os n\u00edveis de armazenamento de g\u00e1s na \u00e1rea do euro situar\u2011se\u2011iam, em geral, um pouco abaixo dos n\u00edveis m\u00e9dios hist\u00f3ricos \u2013 e significativamente abaixo dos n\u00edveis registados em pa\u00edses mais dependentes de g\u00e1s da R\u00fassia, em particular a Alemanha.<\/p>\n<!-- \/wp:paragraph -->\n\n<!-- wp:separator -->\n<hr class=\"wp-block-separator has-alpha-channel-opacity\"\/>\n<!-- \/wp:separator -->\n\n<!-- wp:image {\"id\":231,\"sizeSlug\":\"full\",\"linkDestination\":\"none\"} -->\n<figure class=\"wp-block-image size-full\"><img src=\"https:\/\/carloscontabilidade.com\/wp-content\/uploads\/2022\/09\/DMUoVZpfZNyCNG.jpeg\" alt=\"\" class=\"wp-image-231\"\/><\/figure>\n<!-- \/wp:image -->\n\n<!-- wp:paragraph -->\n<p id=\"paragraph_wrd18Xs8r94\"><strong>Quanto \u00e0s componentes do PIB, o consumo privado enfraquecer\u00e1 nos pr\u00f3ximos trimestres, mas permanecer\u00e1 um importante fator impulsionador da retoma da atividade no m\u00e9dio prazo.<\/strong><\/p>\n<!-- \/wp:paragraph -->\n\n<!-- wp:paragraph -->\n<p id=\"paragraph_JAe18Xc9r94\">O consumo privado recuperou no segundo trimestre de 2022, com a flexibiliza\u00e7\u00e3o das restri\u00e7\u00f5es relacionadas com a COVID\u201119 e o ressurgimento das despesas de consumo de servi\u00e7os com uma grande componente de contacto, incluindo um in\u00edcio mais antecipado e muito din\u00e2mico da \u00e9poca tur\u00edstica de ver\u00e3o.<\/p>\n<!-- \/wp:paragraph -->\n\n<!-- wp:paragraph -->\n<p id=\"paragraph_W3e18XM9r94\">Com o levantamento da maioria das restri\u00e7\u00f5es, avalia\u2011se como limitado o potencial para os efeitos da reabertura da economia continuarem a apoiar o crescimento do consumo privado. A infla\u00e7\u00e3o elevada est\u00e1 a dissuadir os consumidores de gastar e a for\u00e7ar, em particular, as fam\u00edlias com rendimentos mais baixos a reduzir os seus atuais fluxos de poupan\u00e7a.<\/p>\n<!-- \/wp:paragraph -->\n\n<!-- wp:paragraph -->\n<p id=\"paragraph_XXd18X68r94\">Para al\u00e9m do curto prazo, com a esperada descida da infla\u00e7\u00e3o e a diminui\u00e7\u00e3o da incerteza, o consumo privado dever\u00e1 recuperar um pouco, mas apresentar um crescimento ligeiramente mais lento do que o rendimento real.<\/p>\n<!-- \/wp:paragraph -->\n\n<!-- wp:separator -->\n<hr class=\"wp-block-separator has-alpha-channel-opacity\"\/>\n<!-- \/wp:separator -->\n\n<!-- wp:image {\"align\":\"center\",\"id\":239,\"sizeSlug\":\"full\",\"linkDestination\":\"none\"} -->\n<figure class=\"wp-block-image aligncenter size-full\"><img src=\"https:\/\/carloscontabilidade.com\/wp-content\/uploads\/2022\/09\/Sos86hLV1rfGd-.jpeg\" alt=\"\" class=\"wp-image-239\"\/><\/figure>\n<!-- \/wp:image -->\n\n<!-- wp:heading -->\n<h2 class=\"wp-block-heading\">Fam\u00edlia Primeiro - Medidas de apoio aos cidad\u00e3os<\/h2>\n<!-- \/wp:heading -->\n\n<!-- wp:heading {\"level\":3} -->\n<h3 class=\"wp-block-heading\">Apoio excecional aos rendimentos dos titulares de rendimentos e presta\u00e7\u00f5es sociais<\/h3>\n<!-- \/wp:heading -->\n\n<!-- wp:paragraph -->\n<p id=\"paragraph_FUfm1lu9IiB\"><strong>O que \u00e9?<\/strong><\/p>\n<!-- \/wp:paragraph -->\n\n<!-- wp:image {\"align\":\"right\",\"id\":240,\"width\":518,\"height\":271,\"sizeSlug\":\"full\",\"linkDestination\":\"none\"} -->\n<figure class=\"wp-block-image alignright size-full is-resized\"><img src=\"https:\/\/carloscontabilidade.com\/wp-content\/uploads\/2022\/09\/PrUdeVPk-1sEZj.jpeg\" alt=\"\" class=\"wp-image-240\" width=\"518\" height=\"271\"\/><\/figure>\n<!-- \/wp:image -->\n\n<!-- wp:paragraph -->\n<p id=\"paragraph_SNfm1le9IiB\">\u00c9 um apoio monet\u00e1rio de 125\u20ac.<\/p>\n<!-- \/wp:paragraph -->\n\n<!-- wp:paragraph -->\n<p id=\"paragraph_fGfm1lO9IiB\"><strong>A quem se destina?<\/strong><\/p>\n<!-- \/wp:paragraph -->\n\n<!-- wp:paragraph -->\n<p id=\"paragraph_s9fm1l89IiB\">Destina-se a residentes em territ\u00f3rio nacional com rendimento bruto at\u00e9 2.700\u20ac\/m\u00eas (37.800\u20ac\/ano).<\/p>\n<!-- \/wp:paragraph -->\n\n<!-- wp:paragraph -->\n<p id=\"paragraph_Rvfm1luAIiB\"><strong>Quando se recebe?<\/strong><\/p>\n<!-- \/wp:paragraph -->\n\n<!-- wp:paragraph -->\n<p id=\"paragraph_eofm1leAIiB\">Ser\u00e1 feito um pagamento \u00fanico, no m\u00eas de outubro.<\/p>\n<!-- \/wp:paragraph -->\n\n<!-- wp:paragraph -->\n<p id=\"paragraph_rhfm1lOAIiB\"><strong>Como se recebe?<\/strong><\/p>\n<!-- \/wp:paragraph -->\n\n<!-- wp:paragraph -->\n<p id=\"paragraph_2bfm1l8AIiB\"><em>Para trabalhadores que tenham entregue IRS<\/em> relativo ao ano de 2021 - o apoio \u00e9 pago como reembolso de IRS pela Autoridade Tribut\u00e1ria (AT), devendo confirmar junto da AT o seu IBAN.<\/p>\n<!-- \/wp:paragraph -->\n\n<!-- wp:paragraph -->\n<p id=\"paragraph_tdem1lu7IiB\"><em>Para trabalhadores que n\u00e3o tenham entregue IRS <\/em>relativo ao ano de 2021 <em>ou<\/em> <em>para benefici\u00e1rios de presta\u00e7\u00f5es sociais <\/em>- o apoio \u00e9 pago pela Seguran\u00e7a Social, atrav\u00e9s de transfer\u00eancia banc\u00e1ria, devendo confirmar o IBAN junto da seguran\u00e7a social.<\/p>\n<!-- \/wp:paragraph -->\n\n<!-- wp:paragraph -->\n<p><strong>Quem beneficia do apoio excecional aos rendimentos?<\/strong><\/p>\n<!-- \/wp:paragraph -->\n\n<!-- wp:image {\"align\":\"right\",\"id\":241,\"width\":522,\"height\":347,\"sizeSlug\":\"full\",\"linkDestination\":\"none\"} -->\n<figure class=\"wp-block-image alignright size-full is-resized\"><img src=\"https:\/\/carloscontabilidade.com\/wp-content\/uploads\/2022\/09\/Zub6Ga9joQNnBc.jpeg\" alt=\"\" class=\"wp-image-241\" width=\"522\" height=\"347\"\/><\/figure>\n<!-- \/wp:image -->\n\n<!-- wp:paragraph -->\n<p id=\"paragraph_14kCaRvHZ4-\">O apoio extraordin\u00e1rio aos rendimentos \u00e9 atribu\u00eddo aos residentes com rendimento bruto at\u00e9 2700\u20ac brutos por m\u00eas (37 800\u20ac anuais), equivalente ao dobro do ganho m\u00e9dio mensal em Portugal, quer sejam titulares de rendimentos que entregam IRS (acima de 8 500\u20ac\/ano) ou titulares de rendimentos que n\u00e3o entregam. S\u00e3o tamb\u00e9m destinat\u00e1rios da medida os benefici\u00e1rios de determinadas presta\u00e7\u00f5es sociais:<\/p>\n<!-- \/wp:paragraph -->\n\n<!-- wp:list -->\n<ul><!-- wp:list-item -->\n<li>Subs\u00eddio de desemprego;<\/li>\n<!-- \/wp:list-item -->\n\n<!-- wp:list-item -->\n<li>Subs\u00eddio social de desemprego;<\/li>\n<!-- \/wp:list-item -->\n\n<!-- wp:list-item -->\n<li>Presta\u00e7\u00f5es de parentalidade com remunera\u00e7\u00e3o de refer\u00eancia mensal que n\u00e3o ultrapasse 2 700,00\u20ac;<\/li>\n<!-- \/wp:list-item -->\n\n<!-- wp:list-item -->\n<li>Subs\u00eddios de doen\u00e7a e doen\u00e7a profissional, prestado por um per\u00edodo n\u00e3o inferior a um m\u00eas e com remunera\u00e7\u00e3o de refer\u00eancia mensal que n\u00e3o ultrapasse 2 700,00\u20ac;<\/li>\n<!-- \/wp:list-item -->\n\n<!-- wp:list-item -->\n<li>Rendimento social de inser\u00e7\u00e3o, sendo maiores de 18 anos de idade;<\/li>\n<!-- \/wp:list-item -->\n\n<!-- wp:list-item -->\n<li>Presta\u00e7\u00e3o social para a inclus\u00e3o, sendo maiores de 18 anos de idade;<\/li>\n<!-- \/wp:list-item -->\n\n<!-- wp:list-item -->\n<li>Complemento solid\u00e1rio para idosos, sem pens\u00e3o atribu\u00edda;<\/li>\n<!-- \/wp:list-item -->\n\n<!-- wp:list-item -->\n<li>Subs\u00eddio de apoio ao cuidador informal principal.<\/li>\n<!-- \/wp:list-item --><\/ul>\n<!-- \/wp:list -->\n\n<!-- wp:paragraph -->\n<p id=\"paragraph_dHkCaRPIZ4-\">Estima-se que sejam abrangidas cerca de 5,8 milh\u00f5es de pessoas.<\/p>\n<!-- \/wp:paragraph -->\n\n<!-- wp:paragraph -->\n<p id=\"paragraph_QOkCaRfIZ4-\"><strong>Qual o valor do apoio excecional aos rendimentos?<\/strong><\/p>\n<!-- \/wp:paragraph -->\n\n<!-- wp:paragraph -->\n<p id=\"paragraph_DVkCaRvIZ4-\">O apoio excecional aos rendimentos ser\u00e1 de 125\u20ac por titular adulto e de 50\u20ac por dependente at\u00e9 aos 24 anos de idade (inclusivamente), ou sem limite de idade no caso dos dependentes por incapacidade. Por exemplo, um casal em que cada pessoa tem um rendimento bruto mensal do trabalho de 1000\u20ac e com dois filhos menores a seu encargo, receber\u00e1 um apoio de 350\u20ac: dos quais 125\u20ac por cada adulto e 50\u20ac por cada filho. O crit\u00e9rio de elegibilidade \u00e9 o rendimento individual e n\u00e3o o do agregado, mesmo em casos de tributa\u00e7\u00e3o conjunta.<\/p>\n<!-- \/wp:paragraph -->","_et_gb_content_width":"","_joinchat":[],"footnotes":""},"categories":[10],"tags":[],"class_list":["post-412","post","type-post","status-publish","format-standard","has-post-thumbnail","hentry","category-contabilidade"],"_links":{"self":[{"href":"https:\/\/carloscontabilidade.com\/en\/wp-json\/wp\/v2\/posts\/412","targetHints":{"allow":["GET"]}}],"collection":[{"href":"https:\/\/carloscontabilidade.com\/en\/wp-json\/wp\/v2\/posts"}],"about":[{"href":"https:\/\/carloscontabilidade.com\/en\/wp-json\/wp\/v2\/types\/post"}],"author":[{"embeddable":true,"href":"https:\/\/carloscontabilidade.com\/en\/wp-json\/wp\/v2\/users\/3"}],"replies":[{"embeddable":true,"href":"https:\/\/carloscontabilidade.com\/en\/wp-json\/wp\/v2\/comments?post=412"}],"version-history":[{"count":4,"href":"https:\/\/carloscontabilidade.com\/en\/wp-json\/wp\/v2\/posts\/412\/revisions"}],"predecessor-version":[{"id":420,"href":"https:\/\/carloscontabilidade.com\/en\/wp-json\/wp\/v2\/posts\/412\/revisions\/420"}],"wp:featuredmedia":[{"embeddable":true,"href":"https:\/\/carloscontabilidade.com\/en\/wp-json\/wp\/v2\/media\/415"}],"wp:attachment":[{"href":"https:\/\/carloscontabilidade.com\/en\/wp-json\/wp\/v2\/media?parent=412"}],"wp:term":[{"taxonomy":"category","embeddable":true,"href":"https:\/\/carloscontabilidade.com\/en\/wp-json\/wp\/v2\/categories?post=412"},{"taxonomy":"post_tag","embeddable":true,"href":"https:\/\/carloscontabilidade.com\/en\/wp-json\/wp\/v2\/tags?post=412"}],"curies":[{"name":"wp","href":"https:\/\/api.w.org\/{rel}","templated":true}]}}